{"id":2278,"date":"2026-09-02T13:25:54","date_gmt":"2026-09-02T13:25:54","guid":{"rendered":"https:\/\/ultra-rare-sarcoma.de\/?p=2278"},"modified":"2026-09-02T13:27:29","modified_gmt":"2026-09-02T13:27:29","slug":"zz-und-muenchner-merkur-berichten-ueber-sarkome","status":"publish","type":"post","link":"https:\/\/ultra-rare-sarcoma.de\/en\/zz-und-muenchner-merkur-berichten-ueber-sarkome\/","title":{"rendered":"Tz und M\u00fcnchner Merkur berichten \u00fcber Sarkome"},"content":{"rendered":"<p class=\"wp-block-paragraph\">Am 2. September 2026 widmen tz und M\u00fcnchner Merkur dem Thema Knochenkrebs eine ganze Medizinseite. Erz\u00e4hlt wird die Geschichte eines Familienvaters, bei dem 2021 ein atypisches Ewing-Sarkom im Unterschenkel diagnostiziert wurde. Am TUM Klinikum rechts der Isar konnte sein Bein erhalten werden, weil das \u00c4rzteteam \u00fcber das Prinzip der Kallusdistraktion k\u00f6rpereigenen Knochen nachz\u00fcchtete. Heute f\u00e4hrt er wieder Rennrad.<\/p>\n\n\n\n<p class=\"wp-block-paragraph\"><a href=\"https:\/\/www.tz.de\/muenchen\/stadt\/muenchen-seltene-krebs-diagnose-tum-rettet-vater-vor-amputation-zr-94470991.html\" target=\"_blank\" rel=\"noopener\">tz Artikel <\/a><\/p>\n\n\n\n<p class=\"wp-block-paragraph\"><a href=\"https:\/\/www.merkur.de\/lokales\/muenchen\/muenchen-seltene-krebs-diagnose-tum-rettet-vater-vor-amputation-zr-94470991.html\" target=\"_blank\" rel=\"noopener\">M\u00fcnchen Merkur Artikel<\/a><\/p>\n\n\n\n<p class=\"wp-block-paragraph\">Der Bericht zeigt zugleich, was fehlt: mehr Forschung und eine st\u00e4rkere Lobby f\u00fcr Sarkompatientinnen und Sarkompatienten. Genau daf\u00fcr gibt es uns, und in einem eigenen Kasten stellen beide Zeitungen unsere Arbeit vor. Unser Erster Vorstand Bastian Schwarz, selbst betroffen, beschreibt darin den Kern unserer Arbeit: \u201eWir vernetzen Betroffene und Angeh\u00f6rige, damit niemand mit seiner Diagnose allein bleibt.\u201c Vorgestellt werden au\u00dferdem unsere aus Spendenmitteln finanzierte <a href=\"https:\/\/ultra-rare-sarcoma.de\/en\/forschungsfoerderung-2026\/\" data-type=\"page\" data-id=\"2120\">Forschungsf\u00f6rderung<\/a>, der <a href=\"https:\/\/ultra-rare-sarcoma.de\/en\/patiententag2026\/\" data-type=\"page\" data-id=\"1051\">1. M\u00fcnchner Sarkom-Patiententag am 18. September im TranslaTUM<\/a> und unser Charity-Event <a href=\"https:\/\/ultra-rare-sarcoma.de\/en\/bewegwas-2026\/\" data-type=\"page\" data-id=\"1119\">BEWEG WAS!<\/a> am 19. September.<\/p>\n\n\n\n<p class=\"wp-block-paragraph\">Die Teilnahme am Patiententag ist kostenlos, die <a href=\"https:\/\/ultra-rare-sarcoma.de\/en\/patiententag-2026-anmeldung\/\" data-type=\"page\" data-id=\"694\">Anmeldung l\u00e4uft \u00fcber unsere Website<\/a>.<\/p>\n\n\n\n<figure class=\"wp-block-image size-large\"><img fetchpriority=\"high\" decoding=\"async\" width=\"1024\" height=\"681\" src=\"https:\/\/ultra-rare-sarcoma.de\/wp-content\/uploads\/2026\/09\/S.-Hirning-Bastian-Schwarz-1-1024x681.jpg\" alt=\"\" class=\"wp-image-2283\" srcset=\"https:\/\/ultra-rare-sarcoma.de\/wp-content\/uploads\/2026\/09\/S.-Hirning-Bastian-Schwarz-1-1024x681.jpg 1024w, https:\/\/ultra-rare-sarcoma.de\/wp-content\/uploads\/2026\/09\/S.-Hirning-Bastian-Schwarz-1-300x200.jpg 300w, https:\/\/ultra-rare-sarcoma.de\/wp-content\/uploads\/2026\/09\/S.-Hirning-Bastian-Schwarz-1-768x511.jpg 768w, https:\/\/ultra-rare-sarcoma.de\/wp-content\/uploads\/2026\/09\/S.-Hirning-Bastian-Schwarz-1-1536x1022.jpg 1536w, https:\/\/ultra-rare-sarcoma.de\/wp-content\/uploads\/2026\/09\/S.-Hirning-Bastian-Schwarz-1-2048x1363.jpg 2048w, https:\/\/ultra-rare-sarcoma.de\/wp-content\/uploads\/2026\/09\/S.-Hirning-Bastian-Schwarz-1-18x12.jpg 18w\" sizes=\"(max-width: 1024px) 100vw, 1024px\" \/><\/figure>\n\n\n\n<div class=\"wp-block-columns are-vertically-aligned-center is-layout-flex wp-container-core-columns-is-layout-7387b849 wp-block-columns-is-layout-flex\">\n<div class=\"wp-block-column is-vertically-aligned-center is-layout-flow wp-block-column-is-layout-flow\" style=\"flex-basis:100%\">\n<!--more-->\n<\/div>\n<\/div>\n\n\n\n<p class=\"wp-block-paragraph\"><\/p>","protected":false},"excerpt":{"rendered":"<p>Am 2. September 2026 widmen tz und M\u00fcnchner Merkur dem Thema Knochenkrebs eine ganze Medizinseite. Erz\u00e4hlt wird die Geschichte eines Familienvaters, bei dem 2021 ein atypisches Ewing-Sarkom im Unterschenkel diagnostiziert wurde. Am TUM Klinikum rechts der Isar konnte sein Bein erhalten werden, weil das \u00c4rzteteam \u00fcber das Prinzip der Kallusdistraktion k\u00f6rpereigenen Knochen nachz\u00fcchtete. Heute f\u00e4hrt [&hellip;]<\/p>\n","protected":false},"author":5,"featured_media":2279,"comment_status":"closed","ping_status":"closed","sticky":false,"template":"","format":"standard","meta":{"page_builder":"","footnotes":""},"categories":[1],"tags":[],"class_list":["post-2278","post","type-post","status-publish","format-standard","has-post-thumbnail","hentry","category-uncategorized"],"_links":{"self":[{"href":"https:\/\/ultra-rare-sarcoma.de\/en\/wp-json\/wp\/v2\/posts\/2278","targetHints":{"allow":["GET"]}}],"collection":[{"href":"https:\/\/ultra-rare-sarcoma.de\/en\/wp-json\/wp\/v2\/posts"}],"about":[{"href":"https:\/\/ultra-rare-sarcoma.de\/en\/wp-json\/wp\/v2\/types\/post"}],"author":[{"embeddable":true,"href":"https:\/\/ultra-rare-sarcoma.de\/en\/wp-json\/wp\/v2\/users\/5"}],"replies":[{"embeddable":true,"href":"https:\/\/ultra-rare-sarcoma.de\/en\/wp-json\/wp\/v2\/comments?post=2278"}],"version-history":[{"count":4,"href":"https:\/\/ultra-rare-sarcoma.de\/en\/wp-json\/wp\/v2\/posts\/2278\/revisions"}],"predecessor-version":[{"id":2284,"href":"https:\/\/ultra-rare-sarcoma.de\/en\/wp-json\/wp\/v2\/posts\/2278\/revisions\/2284"}],"wp:featuredmedia":[{"embeddable":true,"href":"https:\/\/ultra-rare-sarcoma.de\/en\/wp-json\/wp\/v2\/media\/2279"}],"wp:attachment":[{"href":"https:\/\/ultra-rare-sarcoma.de\/en\/wp-json\/wp\/v2\/media?parent=2278"}],"wp:term":[{"taxonomy":"category","embeddable":true,"href":"https:\/\/ultra-rare-sarcoma.de\/en\/wp-json\/wp\/v2\/categories?post=2278"},{"taxonomy":"post_tag","embeddable":true,"href":"https:\/\/ultra-rare-sarcoma.de\/en\/wp-json\/wp\/v2\/tags?post=2278"}],"curies":[{"name":"wp","href":"https:\/\/api.w.org\/{rel}","templated":true}]}}